{"id":76,"date":"2024-10-30T23:10:45","date_gmt":"2024-10-30T22:10:45","guid":{"rendered":"https:\/\/www.tqalternativeinvestments.com\/?p=76"},"modified":"2025-05-11T14:32:24","modified_gmt":"2025-05-11T12:32:24","slug":"exito-total-en-el-tq-open-day-mallorca","status":"publish","type":"post","link":"https:\/\/www.tqalternativeinvestments.com\/ca\/2024\/10\/30\/exit-total-al-tq-open-day-mallorca\/","title":{"rendered":"\u00c8xit Total al TQ Open Day Mallorca!"},"content":{"rendered":"<p><strong>TQ Open Day Mallorca 2024<\/strong><\/p>\r\n<p>El divendres 30 de setembre, a les instal\u00b7lacions del Pins P\u00e1del Club, vam celebrar amb \u00e8xit la 4a edici\u00f3 del TQ Open Day Mallorca, patrocinada per TQ Alternative Investments. L\u2019esdeveniment va reunir m\u00e9s de 40 professionals de primer nivell en un entorn que va combinar esport, networking i experi\u00e8ncies \u00faniques.<\/p>\r\n<p>&nbsp;<\/p>\r\n<p>La jornada va comptar amb la participaci\u00f3 estel\u00b7lar de les nostres ambaixadores, dues referents del p\u00e0del mundial:<\/p>\r\n<ul>\r\n<li><strong>Alejandra Salazar<\/strong>, m\u00faltiples vegades campiona del World Padel Tour i n\u00famero 1 mundial els anys 2016, 2019 i 2021, reconeguda per la seva t\u00e8cnica impecable i mentalitat estrat\u00e8gica.<\/li>\r\n<li><strong>Claudia Fern\u00e1ndez<\/strong>, una de les joves promeses del p\u00e0del, ja situada al top 10 mundial, destacada per la seva t\u00e8cnica i esperit competitiu.<\/li>\r\n<\/ul>\r\n<p><iframe loading=\"lazy\" src=\"\/\/www.youtube.com\/embed\/PRSMXJKQkNs\" width=\"560\" height=\"314\" allowfullscreen=\"allowfullscreen\"><\/iframe><\/p>\r\n<p>Durant l\u2019esdeveniment, els assistents van gaudir d\u2019una competici\u00f3 amistosa que va culminar amb una final emocionant, on les parelles guanyadores van tenir l\u2019oportunitat \u00fanica d\u2019enfrontar-se a Salazar i Fern\u00e1ndez en un partit-exhibici\u00f3 ple de moments inoblidables.<\/p>\r\n<p>&nbsp;<\/p>\r\n<p>Posteriorment, la jornada va concloure amb un c\u00f2ctel exclusiu, en qu\u00e8 els participants van aprofitar per enfortir relacions professionals, compartir experi\u00e8ncies i gaudir de la companyia de les jugadores en un ambient dist\u00e8s i de gran nivell.<\/p>\r\n<p>&nbsp;<\/p>\r\n<p>Volem agrair el suport de <strong>Brisk<\/strong> com a col\u00b7laborador, a <strong>GOAT Sports Management<\/strong> per la coordinaci\u00f3 impecable de l\u2019esdeveniment, i destacar l\u2019article publicat a <em>\u00daltima Hora<\/em> que va recollir els grans moments de la jornada: <a href=\"https:\/\/www.ultimahora.es\/deportes\/otros-deportes\/2024\/09\/27\/2249835\/alejandra-salazar-claudia-fernandez-gobiernan-cuarta-edicion-del-open-day-mallorca.html\">Llegir la not\u00edcia completa<\/a><\/p>\r\n<p>&nbsp;<\/p>\r\n<p>A TQ Alternative Investments continuem compromesos a crear esdeveniments \u00fanics que uneixen l\u2019esport i els negocis, oferint experi\u00e8ncies que impulsen connexions i oportunitats en un entorn inspirador.<\/p>\r\n<p>Gr\u00e0cies a tots els assistents per formar part d\u2019aquest \u00e8xit\u2014ens veiem en la propera edici\u00f3!<\/p>\r\n<figure class=\"wp-block-image\"><img loading=\"lazy\" decoding=\"async\" class=\"alignnone size-full wp-image-310\" src=\"https:\/\/www.tqalternativeinvestments.com\/wp-content\/uploads\/2024\/10\/TQ-Open-Day-Mallorca-2024.jpg\" alt=\"\" width=\"842\" height=\"1073\" srcset=\"https:\/\/www.tqalternativeinvestments.com\/wp-content\/uploads\/2024\/10\/TQ-Open-Day-Mallorca-2024.jpg 842w, https:\/\/www.tqalternativeinvestments.com\/wp-content\/uploads\/2024\/10\/TQ-Open-Day-Mallorca-2024-235x300.jpg 235w, https:\/\/www.tqalternativeinvestments.com\/wp-content\/uploads\/2024\/10\/TQ-Open-Day-Mallorca-2024-804x1024.jpg 804w, https:\/\/www.tqalternativeinvestments.com\/wp-content\/uploads\/2024\/10\/TQ-Open-Day-Mallorca-2024-768x979.jpg 768w\" sizes=\"auto, (max-width: 842px) 100vw, 842px\" \/><\/figure>","protected":false},"excerpt":{"rendered":"<p>TQ Open Day Mallorca 2024 El divendres 30 de setembre, a les instal\u00b7lacions del Pins P\u00e1del Club, vam celebrar amb \u00e8xit la 4a edici\u00f3 del TQ Open Day Mallorca, patrocinada per TQ Alternative Investments. L\u2019esdeveniment va reunir m\u00e9s de 40 professionals de primer nivell en un entorn que va combinar esport, networking i experi\u00e8ncies \u00faniques. [&hellip;]<\/p>\n","protected":false},"author":1,"featured_media":203,"comment_status":"closed","ping_status":"closed","sticky":false,"template":"","format":"standard","meta":{"_acf_changed":false,"footnotes":"","_links_to":"","_links_to_target":""},"categories":[1],"tags":[],"class_list":["post-76","post","type-post","status-publish","format-standard","has-post-thumbnail","hentry","category-sin-categoria"],"acf":[],"_links":{"self":[{"href":"https:\/\/www.tqalternativeinvestments.com\/ca\/wp-json\/wp\/v2\/posts\/76","targetHints":{"allow":["GET"]}}],"collection":[{"href":"https:\/\/www.tqalternativeinvestments.com\/ca\/wp-json\/wp\/v2\/posts"}],"about":[{"href":"https:\/\/www.tqalternativeinvestments.com\/ca\/wp-json\/wp\/v2\/types\/post"}],"author":[{"embeddable":true,"href":"https:\/\/www.tqalternativeinvestments.com\/ca\/wp-json\/wp\/v2\/users\/1"}],"replies":[{"embeddable":true,"href":"https:\/\/www.tqalternativeinvestments.com\/ca\/wp-json\/wp\/v2\/comments?post=76"}],"version-history":[{"count":6,"href":"https:\/\/www.tqalternativeinvestments.com\/ca\/wp-json\/wp\/v2\/posts\/76\/revisions"}],"predecessor-version":[{"id":311,"href":"https:\/\/www.tqalternativeinvestments.com\/ca\/wp-json\/wp\/v2\/posts\/76\/revisions\/311"}],"wp:featuredmedia":[{"embeddable":true,"href":"https:\/\/www.tqalternativeinvestments.com\/ca\/wp-json\/wp\/v2\/media\/203"}],"wp:attachment":[{"href":"https:\/\/www.tqalternativeinvestments.com\/ca\/wp-json\/wp\/v2\/media?parent=76"}],"wp:term":[{"taxonomy":"category","embeddable":true,"href":"https:\/\/www.tqalternativeinvestments.com\/ca\/wp-json\/wp\/v2\/categories?post=76"},{"taxonomy":"post_tag","embeddable":true,"href":"https:\/\/www.tqalternativeinvestments.com\/ca\/wp-json\/wp\/v2\/tags?post=76"}],"curies":[{"name":"wp","href":"https:\/\/api.w.org\/{rel}","templated":true}]}}